{"id":3064,"date":"2024-12-19T18:07:00","date_gmt":"2024-12-19T17:07:00","guid":{"rendered":"https:\/\/www.artisanlocal.ch\/c\/?p=3064"},"modified":"2024-12-20T20:17:24","modified_gmt":"2024-12-20T19:17:24","slug":"stores-ecologiques-pour-respecter-lenvironnement","status":"publish","type":"post","link":"https:\/\/www.artisanlocal.ch\/c\/stores-ecologiques-pour-respecter-lenvironnement\/","title":{"rendered":"Stores \u00e9cologiques pour respecter l&rsquo;environnement"},"content":{"rendered":"\n<p>Les stores \u00e9cologiques sont des solutions qui ont pour objectif de respecter l&rsquo;environnement. Ces stores sont fabriqu\u00e9s \u00e0 l&rsquo;aide de mat\u00e9riaux durables et de proc\u00e9d\u00e9s de fabrication \u00e9cologiques.<\/p>\n\n\n\n<p>Il existe de nombreux stores \u00e9cologiques fabriqu\u00e9s avec des mat\u00e9riaux durables tels que le bambou, fibres naturelles comme le jute et le chanvre, ou avec des mat\u00e9riaux recycl\u00e9s. Ces stores ont pour avantage d\u2019am\u00e9liorer l&rsquo;esth\u00e9tique de votre espace de vie et contribuent \u00e0 sauvegarder l&rsquo;environnement en r\u00e9duisant les d\u00e9chets et en pr\u00e9servant les ressources.<\/p>\n\n\n<h2 class=\"wp-block-heading\" id=\"h-quels-sont-les-meilleurs-stores-de-fenetres-qui-respecte-l-environnement\">Quels sont les meilleurs stores de fen\u00eatres qui respecte l&rsquo;environnement ?<\/h2>\n\n\n<ul class=\"wp-block-list\">\n<li><strong>Les stores en bambou :<\/strong> le bambou est une ressource renouvelable. De plus, les stores en bambou sont \u00e9l\u00e9gants, durables et \u00e9cologiques.<\/li>\n\n\n\n<li><strong>Mat\u00e9riaux recycl\u00e9s :<\/strong> les stores fabriqu\u00e9s \u00e0 partir de mat\u00e9riaux recycl\u00e9s, tels que des tissus ou du bois recycl\u00e9, peuvent r\u00e9duire le volume de d\u00e9chets.<\/li>\n\n\n\n<li><strong>Brise-soleil :<\/strong> les stores solaires bloquent les rayons UV et diminuent le transfert de chaleur, am\u00e9liorant ainsi l&rsquo;efficacit\u00e9 \u00e9nerg\u00e9tique de votre maison.<\/li>\n\n\n\n<li><strong>Abat-jours en fibres naturelles :<\/strong> jute, chanvre ou coton biologique sont biod\u00e9gradables et ajoutent une touche de nature \u00e0 votre int\u00e9rieur.<\/li>\n\n\n\n<li><strong>Abat-jours cellulaires :<\/strong> les stores cellulaires (nid d&rsquo;abeille) offrent une excellente isolation, maintenant une temp\u00e9rature int\u00e9rieure confortable toute l&rsquo;ann\u00e9e.<\/li>\n\n\n\n<li><strong>Stores en bois certifi\u00e9 FSC :<\/strong> les stores certifi\u00e9s FSC votre garantie un bois issu de gestion foresti\u00e8re responsable.<\/li>\n\n\n\n<li><strong>Volets de plantation :<\/strong> des volets de qualit\u00e9, fabriqu\u00e9s \u00e0 partir de bois ou de mat\u00e9riaux durables, constituent une option \u00e9conome en \u00e9nergie.<\/li>\n\n\n\n<li><strong>Stores motoris\u00e9s :<\/strong> les stores motoris\u00e9s avec minuteries ou capteurs optimisent la lumi\u00e8re naturelle et r\u00e9duisent la consommation d&rsquo;\u00e9nergie.<\/li>\n\n\n\n<li><strong>Finitions \u00e0 faible teneur en COV :<\/strong> optez pour des traitements de fen\u00eatres avec des finitions \u00e0 faible teneur en COV pour pr\u00e9server la qualit\u00e9 de l&rsquo;air int\u00e9rieur.<\/li>\n\n\n\n<li><strong>Rideaux \u00e0 haut rendement \u00e9nerg\u00e9tique :<\/strong> des rideaux lourds et doubl\u00e9s contribuent \u00e0 l&rsquo;isolation, r\u00e9duisant ainsi le besoin de chauffage ou de climatisation.<\/li>\n<\/ul>\n\n\n<h2 class=\"wp-block-heading\" id=\"h-de-quoi-sont-faites-les-fenetres-ecologiques\">De quoi sont faites les fen\u00eatres \u00e9cologiques ?<\/h2>\n\n\n<p>Les fen\u00eatres \u00e9cologiques sont fabriqu\u00e9es \u00e0 partir de divers mat\u00e9riaux durables et respectueux de l&rsquo;environnement. Le choix des mat\u00e9riaux peut avoir un impact significatif sur l&rsquo;efficacit\u00e9 \u00e9nerg\u00e9tique, la durabilit\u00e9 et la viabilit\u00e9 globale d&rsquo;une fen\u00eatre. Voici quelques mat\u00e9riaux \u00e9cologiques couramment utilis\u00e9s :<\/p>\n\n\n\n<ul class=\"wp-block-list\">\n<li><strong>Bois certifi\u00e9 FSC :<\/strong> du bois provenant de for\u00eats g\u00e9r\u00e9es de mani\u00e8re responsable, minimisant l&rsquo;impact sur l&rsquo;environnement.<\/li>\n\n\n\n<li><strong>Mat\u00e9riaux recycl\u00e9s :<\/strong> aluminium ou vinyle recycl\u00e9s, r\u00e9duisant la demande en mati\u00e8res premi\u00e8res.<\/li>\n\n\n\n<li><strong>Fibre de verre :<\/strong> cadres durables et efficaces sur le plan \u00e9nerg\u00e9tique, souvent fabriqu\u00e9s \u00e0 partir de mat\u00e9riaux recycl\u00e9s.<\/li>\n\n\n\n<li><strong>Vinyle \u00e0 faible teneur en COV :<\/strong> fen\u00eatres en vinyle r\u00e9duisant les \u00e9missions nocives lors de la production.<\/li>\n\n\n\n<li><strong>Mat\u00e9riaux composites :<\/strong> fibres de bois et plastiques recycl\u00e9s offrant l&rsquo;apparence du bois avec une durabilit\u00e9 accrue.<\/li>\n\n\n\n<li><strong>Bois rev\u00eatu :<\/strong> combinaison du bois int\u00e9rieur et d&rsquo;un rev\u00eatement ext\u00e9rieur (aluminium, fibre de verre) pour isolation et r\u00e9sistance.<\/li>\n\n\n\n<li><strong>Verre \u00e0 faible \u00e9missivit\u00e9 (Low-E) :<\/strong> rev\u00eatements r\u00e9fl\u00e9chissant la chaleur, am\u00e9liorant l&rsquo;efficacit\u00e9 \u00e9nerg\u00e9tique tout en laissant entrer la lumi\u00e8re.<\/li>\n\n\n\n<li><strong>Gaz argon :<\/strong> remplissage des espaces entre les vitres avec un gaz inerte pour une meilleure isolation.<\/li>\n\n\n\n<li><strong>Joints et coupe-bise de haute qualit\u00e9 :<\/strong> \u00e9vitent les courants d&rsquo;air et permettent de r\u00e9duire la consommation d&rsquo;\u00e9nergie.<\/li>\n\n\n\n<li><strong>Vitrage \u00e0 haut rendement \u00e9nerg\u00e9tique :<\/strong> double ou triple vitrage pour une isolation optimale.<\/li>\n<\/ul>\n\n\n\n<p>Lors du choix de fen\u00eatres \u00e9cologiques, prenez en compte l&rsquo;efficacit\u00e9 \u00e9nerg\u00e9tique, la durabilit\u00e9 et l&rsquo;impact environnemental des mat\u00e9riaux et du processus de fabrication.<\/p>\n\n\n<h2 class=\"wp-block-heading\" id=\"h-quels-sont-les-stores-les-plus-efficaces-sur-le-plan-energetique\">Quels sont les stores les plus efficaces sur le plan \u00e9nerg\u00e9tique ?<\/h2>\n\n\n<p>Les stores cellulaires sont parmi les plus efficaces sur le plan \u00e9nerg\u00e9tique gr\u00e2ce \u00e0 leurs cellules en nid d&rsquo;abeille emprisonnant l&rsquo;air et cr\u00e9ant une isolation. Les stores \u00e0 enroulement, en bloquant efficacement la lumi\u00e8re du soleil, contribuent \u00e9galement \u00e0 r\u00e9guler la temp\u00e9rature int\u00e9rieure.<\/p>\n\n\n\n<p>Les volets de plantation, avec leurs lamelles r\u00e9glables, permettent de g\u00e9rer la lumi\u00e8re naturelle tout en offrant une isolation contre les temp\u00e9ratures ext\u00e9rieures. Les rideaux occultants, quant \u00e0 eux, bloquent la lumi\u00e8re et agissent comme une couche d&rsquo;isolation suppl\u00e9mentaire.<\/p>\n\n\n<h2 class=\"wp-block-heading\" id=\"h-qu-est-ce-que-les-fenetres-les-plus-ecologiques\">Qu&rsquo;est-ce que les fen\u00eatres les plus \u00e9cologiques ?<\/h2>\n\n\n<p>Les fen\u00eatres les plus \u00e9cologiques sont celles qui maximisent l&rsquo;efficacit\u00e9 \u00e9nerg\u00e9tique et r\u00e9duisent l&rsquo;impact environnemental. Les verres \u00e0 faible \u00e9missivit\u00e9 (Low-E), les mat\u00e9riaux durables comme le bois issu de for\u00eats g\u00e9r\u00e9es responsablement, ou l&rsquo;aluminium recycl\u00e9, ainsi que le double ou triple vitrage permettent d&rsquo;am\u00e9liorer l&rsquo;isolation et de diminuer la consommation d&rsquo;\u00e9nergie.<\/p>\n","protected":false},"excerpt":{"rendered":"<p>Les stores \u00e9cologiques sont des solutions qui ont pour objectif de respecter l&rsquo;environnement. Ces stores sont fabriqu\u00e9s \u00e0 l&rsquo;aide de mat\u00e9riaux durables et de proc\u00e9d\u00e9s de fabrication \u00e9cologiques. Il existe de nombreux stores \u00e9cologiques fabriqu\u00e9s avec des mat\u00e9riaux durables tels que le bambou, fibres naturelles comme le jute et le chanvre, ou avec des mat\u00e9riaux [&hellip;]<\/p>\n","protected":false},"author":1,"featured_media":3066,"comment_status":"closed","ping_status":"closed","sticky":false,"template":"","format":"standard","meta":{"footnotes":""},"categories":[1],"tags":[],"profession":[130],"class_list":["post-3064","post","type-post","status-publish","format-standard","has-post-thumbnail","hentry","category-non-classe","profession-storiste"],"yoast_head":"<!-- This site is optimized with the Yoast SEO Premium plugin v25.7.1 (Yoast SEO v27.4) - https:\/\/yoast.com\/product\/yoast-seo-premium-wordpress\/ -->\n<title>Stores \u00e9cologiques pour respecter l&#039;environnement - Artisanlocal<\/title>\n<meta name=\"robots\" content=\"index, follow, max-snippet:-1, max-image-preview:large, max-video-preview:-1\" \/>\n<link rel=\"canonical\" href=\"https:\/\/www.artisanlocal.ch\/c\/stores-ecologiques-pour-respecter-lenvironnement\/\" \/>\n<meta property=\"og:locale\" content=\"fr_FR\" \/>\n<meta property=\"og:type\" content=\"article\" \/>\n<meta property=\"og:title\" content=\"Stores \u00e9cologiques pour respecter l&#039;environnement\" \/>\n<meta property=\"og:description\" content=\"Les stores \u00e9cologiques sont des solutions qui ont pour objectif de respecter l&rsquo;environnement. Ces stores sont fabriqu\u00e9s \u00e0 l&rsquo;aide de mat\u00e9riaux durables et de proc\u00e9d\u00e9s de fabrication \u00e9cologiques. Il existe de nombreux stores \u00e9cologiques fabriqu\u00e9s avec des mat\u00e9riaux durables tels que le bambou, fibres naturelles comme le jute et le chanvre, ou avec des mat\u00e9riaux [&hellip;]\" \/>\n<meta property=\"og:url\" content=\"https:\/\/www.artisanlocal.ch\/c\/stores-ecologiques-pour-respecter-lenvironnement\/\" \/>\n<meta property=\"og:site_name\" content=\"Artisanlocal\" \/>\n<meta property=\"article:published_time\" content=\"2024-12-19T17:07:00+00:00\" \/>\n<meta property=\"article:modified_time\" content=\"2024-12-20T19:17:24+00:00\" \/>\n<meta property=\"og:image\" content=\"https:\/\/www.artisanlocal.ch\/c\/wp-content\/uploads\/2024\/12\/homme-qui-installe-store-scaled-e1734722448281.jpg\" \/>\n\t<meta property=\"og:image:width\" content=\"2048\" \/>\n\t<meta property=\"og:image:height\" content=\"1318\" \/>\n\t<meta property=\"og:image:type\" content=\"image\/jpeg\" \/>\n<meta name=\"author\" content=\"jadmin\" \/>\n<meta name=\"twitter:card\" content=\"summary_large_image\" \/>\n<meta name=\"twitter:label1\" content=\"\u00c9crit par\" \/>\n\t<meta name=\"twitter:data1\" content=\"jadmin\" \/>\n\t<meta name=\"twitter:label2\" content=\"Dur\u00e9e de lecture estim\u00e9e\" \/>\n\t<meta name=\"twitter:data2\" content=\"4 minutes\" \/>\n<script type=\"application\/ld+json\" class=\"yoast-schema-graph\">{\"@context\":\"https:\\\/\\\/schema.org\",\"@graph\":[{\"@type\":\"Article\",\"@id\":\"https:\\\/\\\/www.artisanlocal.ch\\\/c\\\/stores-ecologiques-pour-respecter-lenvironnement\\\/#article\",\"isPartOf\":{\"@id\":\"https:\\\/\\\/www.artisanlocal.ch\\\/c\\\/stores-ecologiques-pour-respecter-lenvironnement\\\/\"},\"author\":{\"name\":\"jadmin\",\"@id\":\"https:\\\/\\\/www.artisanlocal.ch\\\/c\\\/#\\\/schema\\\/person\\\/f90c0bf53f59e0a9ca48658bfb3defce\"},\"headline\":\"Stores \u00e9cologiques pour respecter l&rsquo;environnement\",\"datePublished\":\"2024-12-19T17:07:00+00:00\",\"dateModified\":\"2024-12-20T19:17:24+00:00\",\"mainEntityOfPage\":{\"@id\":\"https:\\\/\\\/www.artisanlocal.ch\\\/c\\\/stores-ecologiques-pour-respecter-lenvironnement\\\/\"},\"wordCount\":817,\"publisher\":{\"@id\":\"https:\\\/\\\/www.artisanlocal.ch\\\/c\\\/#organization\"},\"image\":{\"@id\":\"https:\\\/\\\/www.artisanlocal.ch\\\/c\\\/stores-ecologiques-pour-respecter-lenvironnement\\\/#primaryimage\"},\"thumbnailUrl\":\"https:\\\/\\\/www.artisanlocal.ch\\\/c\\\/wp-content\\\/uploads\\\/2024\\\/12\\\/homme-qui-installe-store-scaled-e1734722448281.jpg\",\"inLanguage\":\"fr-FR\"},{\"@type\":\"WebPage\",\"@id\":\"https:\\\/\\\/www.artisanlocal.ch\\\/c\\\/stores-ecologiques-pour-respecter-lenvironnement\\\/\",\"url\":\"https:\\\/\\\/www.artisanlocal.ch\\\/c\\\/stores-ecologiques-pour-respecter-lenvironnement\\\/\",\"name\":\"Stores \u00e9cologiques pour respecter l'environnement - Artisanlocal\",\"isPartOf\":{\"@id\":\"https:\\\/\\\/www.artisanlocal.ch\\\/c\\\/#website\"},\"primaryImageOfPage\":{\"@id\":\"https:\\\/\\\/www.artisanlocal.ch\\\/c\\\/stores-ecologiques-pour-respecter-lenvironnement\\\/#primaryimage\"},\"image\":{\"@id\":\"https:\\\/\\\/www.artisanlocal.ch\\\/c\\\/stores-ecologiques-pour-respecter-lenvironnement\\\/#primaryimage\"},\"thumbnailUrl\":\"https:\\\/\\\/www.artisanlocal.ch\\\/c\\\/wp-content\\\/uploads\\\/2024\\\/12\\\/homme-qui-installe-store-scaled-e1734722448281.jpg\",\"datePublished\":\"2024-12-19T17:07:00+00:00\",\"dateModified\":\"2024-12-20T19:17:24+00:00\",\"breadcrumb\":{\"@id\":\"https:\\\/\\\/www.artisanlocal.ch\\\/c\\\/stores-ecologiques-pour-respecter-lenvironnement\\\/#breadcrumb\"},\"inLanguage\":\"fr-FR\",\"potentialAction\":[{\"@type\":\"ReadAction\",\"target\":[\"https:\\\/\\\/www.artisanlocal.ch\\\/c\\\/stores-ecologiques-pour-respecter-lenvironnement\\\/\"]}]},{\"@type\":\"ImageObject\",\"inLanguage\":\"fr-FR\",\"@id\":\"https:\\\/\\\/www.artisanlocal.ch\\\/c\\\/stores-ecologiques-pour-respecter-lenvironnement\\\/#primaryimage\",\"url\":\"https:\\\/\\\/www.artisanlocal.ch\\\/c\\\/wp-content\\\/uploads\\\/2024\\\/12\\\/homme-qui-installe-store-scaled-e1734722448281.jpg\",\"contentUrl\":\"https:\\\/\\\/www.artisanlocal.ch\\\/c\\\/wp-content\\\/uploads\\\/2024\\\/12\\\/homme-qui-installe-store-scaled-e1734722448281.jpg\",\"width\":2048,\"height\":1318},{\"@type\":\"BreadcrumbList\",\"@id\":\"https:\\\/\\\/www.artisanlocal.ch\\\/c\\\/stores-ecologiques-pour-respecter-lenvironnement\\\/#breadcrumb\",\"itemListElement\":[{\"@type\":\"ListItem\",\"position\":1,\"name\":\"Accueil\",\"item\":\"https:\\\/\\\/www.artisanlocal.ch\\\/c\\\/\"},{\"@type\":\"ListItem\",\"position\":2,\"name\":\"Stores \u00e9cologiques pour respecter l&rsquo;environnement\"}]},{\"@type\":\"WebSite\",\"@id\":\"https:\\\/\\\/www.artisanlocal.ch\\\/c\\\/#website\",\"url\":\"https:\\\/\\\/www.artisanlocal.ch\\\/c\\\/\",\"name\":\"Artisanlocal\",\"description\":\"\",\"publisher\":{\"@id\":\"https:\\\/\\\/www.artisanlocal.ch\\\/c\\\/#organization\"},\"potentialAction\":[{\"@type\":\"SearchAction\",\"target\":{\"@type\":\"EntryPoint\",\"urlTemplate\":\"https:\\\/\\\/www.artisanlocal.ch\\\/c\\\/?s={search_term_string}\"},\"query-input\":{\"@type\":\"PropertyValueSpecification\",\"valueRequired\":true,\"valueName\":\"search_term_string\"}}],\"inLanguage\":\"fr-FR\"},{\"@type\":\"Organization\",\"@id\":\"https:\\\/\\\/www.artisanlocal.ch\\\/c\\\/#organization\",\"name\":\"Artisanlocal\",\"url\":\"https:\\\/\\\/www.artisanlocal.ch\\\/c\\\/\",\"logo\":{\"@type\":\"ImageObject\",\"inLanguage\":\"fr-FR\",\"@id\":\"https:\\\/\\\/www.artisanlocal.ch\\\/c\\\/#\\\/schema\\\/logo\\\/image\\\/\",\"url\":\"https:\\\/\\\/www.artisanlocal.ch\\\/c\\\/wp-content\\\/uploads\\\/2024\\\/02\\\/logo-artisanlocal-h.svg\",\"contentUrl\":\"https:\\\/\\\/www.artisanlocal.ch\\\/c\\\/wp-content\\\/uploads\\\/2024\\\/02\\\/logo-artisanlocal-h.svg\",\"caption\":\"Artisanlocal\"},\"image\":{\"@id\":\"https:\\\/\\\/www.artisanlocal.ch\\\/c\\\/#\\\/schema\\\/logo\\\/image\\\/\"}},{\"@type\":\"Person\",\"@id\":\"https:\\\/\\\/www.artisanlocal.ch\\\/c\\\/#\\\/schema\\\/person\\\/f90c0bf53f59e0a9ca48658bfb3defce\",\"name\":\"jadmin\",\"image\":{\"@type\":\"ImageObject\",\"inLanguage\":\"fr-FR\",\"@id\":\"https:\\\/\\\/secure.gravatar.com\\\/avatar\\\/2225d9832298cf47337054a78ea21612a45fc3c24c08ab1b1d4b46954585a9f4?s=96&d=mm&r=g\",\"url\":\"https:\\\/\\\/secure.gravatar.com\\\/avatar\\\/2225d9832298cf47337054a78ea21612a45fc3c24c08ab1b1d4b46954585a9f4?s=96&d=mm&r=g\",\"contentUrl\":\"https:\\\/\\\/secure.gravatar.com\\\/avatar\\\/2225d9832298cf47337054a78ea21612a45fc3c24c08ab1b1d4b46954585a9f4?s=96&d=mm&r=g\",\"caption\":\"jadmin\"},\"sameAs\":[\"https:\\\/\\\/artisanlocal.ch\\\/c\"],\"url\":\"https:\\\/\\\/www.artisanlocal.ch\\\/c\\\/author\\\/jadmin\\\/\"}]}<\/script>\n<!-- \/ Yoast SEO Premium plugin. -->","yoast_head_json":{"title":"Stores \u00e9cologiques pour respecter l'environnement - Artisanlocal","robots":{"index":"index","follow":"follow","max-snippet":"max-snippet:-1","max-image-preview":"max-image-preview:large","max-video-preview":"max-video-preview:-1"},"canonical":"https:\/\/www.artisanlocal.ch\/c\/stores-ecologiques-pour-respecter-lenvironnement\/","og_locale":"fr_FR","og_type":"article","og_title":"Stores \u00e9cologiques pour respecter l'environnement","og_description":"Les stores \u00e9cologiques sont des solutions qui ont pour objectif de respecter l&rsquo;environnement. Ces stores sont fabriqu\u00e9s \u00e0 l&rsquo;aide de mat\u00e9riaux durables et de proc\u00e9d\u00e9s de fabrication \u00e9cologiques. Il existe de nombreux stores \u00e9cologiques fabriqu\u00e9s avec des mat\u00e9riaux durables tels que le bambou, fibres naturelles comme le jute et le chanvre, ou avec des mat\u00e9riaux [&hellip;]","og_url":"https:\/\/www.artisanlocal.ch\/c\/stores-ecologiques-pour-respecter-lenvironnement\/","og_site_name":"Artisanlocal","article_published_time":"2024-12-19T17:07:00+00:00","article_modified_time":"2024-12-20T19:17:24+00:00","og_image":[{"width":2048,"height":1318,"url":"https:\/\/www.artisanlocal.ch\/c\/wp-content\/uploads\/2024\/12\/homme-qui-installe-store-scaled-e1734722448281.jpg","type":"image\/jpeg"}],"author":"jadmin","twitter_card":"summary_large_image","twitter_misc":{"\u00c9crit par":"jadmin","Dur\u00e9e de lecture estim\u00e9e":"4 minutes"},"schema":{"@context":"https:\/\/schema.org","@graph":[{"@type":"Article","@id":"https:\/\/www.artisanlocal.ch\/c\/stores-ecologiques-pour-respecter-lenvironnement\/#article","isPartOf":{"@id":"https:\/\/www.artisanlocal.ch\/c\/stores-ecologiques-pour-respecter-lenvironnement\/"},"author":{"name":"jadmin","@id":"https:\/\/www.artisanlocal.ch\/c\/#\/schema\/person\/f90c0bf53f59e0a9ca48658bfb3defce"},"headline":"Stores \u00e9cologiques pour respecter l&rsquo;environnement","datePublished":"2024-12-19T17:07:00+00:00","dateModified":"2024-12-20T19:17:24+00:00","mainEntityOfPage":{"@id":"https:\/\/www.artisanlocal.ch\/c\/stores-ecologiques-pour-respecter-lenvironnement\/"},"wordCount":817,"publisher":{"@id":"https:\/\/www.artisanlocal.ch\/c\/#organization"},"image":{"@id":"https:\/\/www.artisanlocal.ch\/c\/stores-ecologiques-pour-respecter-lenvironnement\/#primaryimage"},"thumbnailUrl":"https:\/\/www.artisanlocal.ch\/c\/wp-content\/uploads\/2024\/12\/homme-qui-installe-store-scaled-e1734722448281.jpg","inLanguage":"fr-FR"},{"@type":"WebPage","@id":"https:\/\/www.artisanlocal.ch\/c\/stores-ecologiques-pour-respecter-lenvironnement\/","url":"https:\/\/www.artisanlocal.ch\/c\/stores-ecologiques-pour-respecter-lenvironnement\/","name":"Stores \u00e9cologiques pour respecter l'environnement - Artisanlocal","isPartOf":{"@id":"https:\/\/www.artisanlocal.ch\/c\/#website"},"primaryImageOfPage":{"@id":"https:\/\/www.artisanlocal.ch\/c\/stores-ecologiques-pour-respecter-lenvironnement\/#primaryimage"},"image":{"@id":"https:\/\/www.artisanlocal.ch\/c\/stores-ecologiques-pour-respecter-lenvironnement\/#primaryimage"},"thumbnailUrl":"https:\/\/www.artisanlocal.ch\/c\/wp-content\/uploads\/2024\/12\/homme-qui-installe-store-scaled-e1734722448281.jpg","datePublished":"2024-12-19T17:07:00+00:00","dateModified":"2024-12-20T19:17:24+00:00","breadcrumb":{"@id":"https:\/\/www.artisanlocal.ch\/c\/stores-ecologiques-pour-respecter-lenvironnement\/#breadcrumb"},"inLanguage":"fr-FR","potentialAction":[{"@type":"ReadAction","target":["https:\/\/www.artisanlocal.ch\/c\/stores-ecologiques-pour-respecter-lenvironnement\/"]}]},{"@type":"ImageObject","inLanguage":"fr-FR","@id":"https:\/\/www.artisanlocal.ch\/c\/stores-ecologiques-pour-respecter-lenvironnement\/#primaryimage","url":"https:\/\/www.artisanlocal.ch\/c\/wp-content\/uploads\/2024\/12\/homme-qui-installe-store-scaled-e1734722448281.jpg","contentUrl":"https:\/\/www.artisanlocal.ch\/c\/wp-content\/uploads\/2024\/12\/homme-qui-installe-store-scaled-e1734722448281.jpg","width":2048,"height":1318},{"@type":"BreadcrumbList","@id":"https:\/\/www.artisanlocal.ch\/c\/stores-ecologiques-pour-respecter-lenvironnement\/#breadcrumb","itemListElement":[{"@type":"ListItem","position":1,"name":"Accueil","item":"https:\/\/www.artisanlocal.ch\/c\/"},{"@type":"ListItem","position":2,"name":"Stores \u00e9cologiques pour respecter l&rsquo;environnement"}]},{"@type":"WebSite","@id":"https:\/\/www.artisanlocal.ch\/c\/#website","url":"https:\/\/www.artisanlocal.ch\/c\/","name":"Artisanlocal","description":"","publisher":{"@id":"https:\/\/www.artisanlocal.ch\/c\/#organization"},"potentialAction":[{"@type":"SearchAction","target":{"@type":"EntryPoint","urlTemplate":"https:\/\/www.artisanlocal.ch\/c\/?s={search_term_string}"},"query-input":{"@type":"PropertyValueSpecification","valueRequired":true,"valueName":"search_term_string"}}],"inLanguage":"fr-FR"},{"@type":"Organization","@id":"https:\/\/www.artisanlocal.ch\/c\/#organization","name":"Artisanlocal","url":"https:\/\/www.artisanlocal.ch\/c\/","logo":{"@type":"ImageObject","inLanguage":"fr-FR","@id":"https:\/\/www.artisanlocal.ch\/c\/#\/schema\/logo\/image\/","url":"https:\/\/www.artisanlocal.ch\/c\/wp-content\/uploads\/2024\/02\/logo-artisanlocal-h.svg","contentUrl":"https:\/\/www.artisanlocal.ch\/c\/wp-content\/uploads\/2024\/02\/logo-artisanlocal-h.svg","caption":"Artisanlocal"},"image":{"@id":"https:\/\/www.artisanlocal.ch\/c\/#\/schema\/logo\/image\/"}},{"@type":"Person","@id":"https:\/\/www.artisanlocal.ch\/c\/#\/schema\/person\/f90c0bf53f59e0a9ca48658bfb3defce","name":"jadmin","image":{"@type":"ImageObject","inLanguage":"fr-FR","@id":"https:\/\/secure.gravatar.com\/avatar\/2225d9832298cf47337054a78ea21612a45fc3c24c08ab1b1d4b46954585a9f4?s=96&d=mm&r=g","url":"https:\/\/secure.gravatar.com\/avatar\/2225d9832298cf47337054a78ea21612a45fc3c24c08ab1b1d4b46954585a9f4?s=96&d=mm&r=g","contentUrl":"https:\/\/secure.gravatar.com\/avatar\/2225d9832298cf47337054a78ea21612a45fc3c24c08ab1b1d4b46954585a9f4?s=96&d=mm&r=g","caption":"jadmin"},"sameAs":["https:\/\/artisanlocal.ch\/c"],"url":"https:\/\/www.artisanlocal.ch\/c\/author\/jadmin\/"}]}},"_links":{"self":[{"href":"https:\/\/www.artisanlocal.ch\/c\/wp-json\/wp\/v2\/posts\/3064","targetHints":{"allow":["GET"]}}],"collection":[{"href":"https:\/\/www.artisanlocal.ch\/c\/wp-json\/wp\/v2\/posts"}],"about":[{"href":"https:\/\/www.artisanlocal.ch\/c\/wp-json\/wp\/v2\/types\/post"}],"author":[{"embeddable":true,"href":"https:\/\/www.artisanlocal.ch\/c\/wp-json\/wp\/v2\/users\/1"}],"replies":[{"embeddable":true,"href":"https:\/\/www.artisanlocal.ch\/c\/wp-json\/wp\/v2\/comments?post=3064"}],"version-history":[{"count":0,"href":"https:\/\/www.artisanlocal.ch\/c\/wp-json\/wp\/v2\/posts\/3064\/revisions"}],"wp:featuredmedia":[{"embeddable":true,"href":"https:\/\/www.artisanlocal.ch\/c\/wp-json\/wp\/v2\/media\/3066"}],"wp:attachment":[{"href":"https:\/\/www.artisanlocal.ch\/c\/wp-json\/wp\/v2\/media?parent=3064"}],"wp:term":[{"taxonomy":"category","embeddable":true,"href":"https:\/\/www.artisanlocal.ch\/c\/wp-json\/wp\/v2\/categories?post=3064"},{"taxonomy":"post_tag","embeddable":true,"href":"https:\/\/www.artisanlocal.ch\/c\/wp-json\/wp\/v2\/tags?post=3064"},{"taxonomy":"profession","embeddable":true,"href":"https:\/\/www.artisanlocal.ch\/c\/wp-json\/wp\/v2\/profession?post=3064"}],"curies":[{"name":"wp","href":"https:\/\/api.w.org\/{rel}","templated":true}]}}